{"id":31199,"date":"2026-03-01T16:25:10","date_gmt":"2026-03-01T15:25:10","guid":{"rendered":"https:\/\/michelsanti.fr\/?p=31199"},"modified":"2026-03-01T16:25:10","modified_gmt":"2026-03-01T15:25:10","slug":"mercosur","status":"publish","type":"post","link":"https:\/\/michelsanti.fr\/en\/european-sovereignty\/mercosur","title":{"rendered":"Mercosur: When Europe Takes France at Its Word"},"content":{"rendered":"<p data-start=\"0\" data-end=\"356\"><img data-recalc-dims=\"1\" fetchpriority=\"high\" decoding=\"async\" data-attachment-id=\"31202\" data-permalink=\"https:\/\/michelsanti.fr\/en\/european-sovereignty\/mercosur\/attachment\/mercosur\" data-orig-file=\"https:\/\/i0.wp.com\/michelsanti.fr\/wp-content\/uploads\/2026\/03\/mercosur.png?fit=1536%2C1024&amp;ssl=1\" data-orig-size=\"1536,1024\" data-comments-opened=\"1\" data-image-meta=\"{&quot;aperture&quot;:&quot;0&quot;,&quot;credit&quot;:&quot;&quot;,&quot;camera&quot;:&quot;&quot;,&quot;caption&quot;:&quot;&quot;,&quot;created_timestamp&quot;:&quot;0&quot;,&quot;copyright&quot;:&quot;&quot;,&quot;focal_length&quot;:&quot;0&quot;,&quot;iso&quot;:&quot;0&quot;,&quot;shutter_speed&quot;:&quot;0&quot;,&quot;title&quot;:&quot;&quot;,&quot;orientation&quot;:&quot;0&quot;}\" data-image-title=\"mercosur\" data-image-description=\"\" data-image-caption=\"\" data-large-file=\"https:\/\/i0.wp.com\/michelsanti.fr\/wp-content\/uploads\/2026\/03\/mercosur.png?fit=1024%2C683&amp;ssl=1\" class=\"alignnone size-full wp-image-31202\" src=\"https:\/\/i0.wp.com\/michelsanti.fr\/wp-content\/uploads\/2026\/03\/mercosur.png?resize=1170%2C780&#038;ssl=1\" alt=\"\" width=\"1170\" height=\"780\" srcset=\"https:\/\/i0.wp.com\/michelsanti.fr\/wp-content\/uploads\/2026\/03\/mercosur.png?w=1536&amp;ssl=1 1536w, https:\/\/i0.wp.com\/michelsanti.fr\/wp-content\/uploads\/2026\/03\/mercosur.png?resize=300%2C200&amp;ssl=1 300w, https:\/\/i0.wp.com\/michelsanti.fr\/wp-content\/uploads\/2026\/03\/mercosur.png?resize=1024%2C683&amp;ssl=1 1024w, https:\/\/i0.wp.com\/michelsanti.fr\/wp-content\/uploads\/2026\/03\/mercosur.png?resize=768%2C512&amp;ssl=1 768w, https:\/\/i0.wp.com\/michelsanti.fr\/wp-content\/uploads\/2026\/03\/mercosur.png?resize=1200%2C800&amp;ssl=1 1200w\" sizes=\"(max-width: 1170px) 100vw, 1170px\" \/><\/p>\n<p data-start=\"0\" data-end=\"356\">\n<p data-start=\"0\" data-end=\"356\">The provisional application of the trade agreement between the European Union and Mercosur, triggered on 27 February 2026 despite French opposition, is not an institutional coup. It is the logical culmination of a framework that Paris itself helped to construct. The moment calls for a strategic clarification that France has postponed for three decades.<\/p>\n<hr data-start=\"358\" data-end=\"400\" \/>\n<p data-start=\"402\" data-end=\"459\">27 February 2026 is not a rupture. It is a consequence.<\/p>\n<p data-start=\"461\" data-end=\"674\">By triggering the provisional application of the Mercosur agreement despite French opposition, <span class=\"hover:entity-accent entity-underline inline cursor-pointer align-baseline\"><span class=\"whitespace-normal\">Ursula von der Leyen<\/span><\/span> merely exercised a competence that the Member States transferred to the Union.<\/p>\n<p data-start=\"676\" data-end=\"792\">What occurred that day was not an abuse of power. It was the demonstration of a power that France helped to build.<\/p>\n<hr data-start=\"794\" data-end=\"836\" \/>\n<p data-start=\"838\" data-end=\"873\"><strong data-start=\"838\" data-end=\"871\">A framework ratified by Paris<\/strong><\/p>\n<p data-start=\"875\" data-end=\"1068\">Trade policy falls under the exclusive competence of the European Union. The Commission negotiates on mandate. The Council authorises. Provisional application is provided for in the treaties.<\/p>\n<p data-start=\"1070\" data-end=\"1125\">These elements are public, longstanding, and settled.<\/p>\n<p data-start=\"1127\" data-end=\"1241\">France ratified them. It defended them in the name of a Europe capable of asserting itself against major powers.<\/p>\n<p data-start=\"1243\" data-end=\"1383\">It is therefore inaccurate to portray the decision as an institutional surprise. It is consistent with the architecture that was intended.<\/p>\n<hr data-start=\"1385\" data-end=\"1427\" \/>\n<p data-start=\"1429\" data-end=\"1469\"><strong data-start=\"1429\" data-end=\"1467\">The French equation and its limits<\/strong><\/p>\n<p data-start=\"1471\" data-end=\"1708\">For three decades, French strategy has rested on an ambitious equation: deepen integration in order to exist within globalisation; retain central influence in European decision-making; preserve political control over sensitive sectors.<\/p>\n<p data-start=\"1710\" data-end=\"1799\">This equation works as long as interests converge. It tightens as soon as they diverge.<\/p>\n<p data-start=\"1801\" data-end=\"1991\">Mercosur exposes this tension. French agriculture is politically strategic. French industry is deeply integrated into the European market and depends on agreements negotiated by the Union.<\/p>\n<p data-start=\"1993\" data-end=\"2224\">The French executive faced a real trade-off: block the agreement outright \u2014 at the risk of a major institutional and diplomatic crisis \u2014 or confine opposition to the political register without triggering a systemic confrontation.<\/p>\n<p data-start=\"2226\" data-end=\"2255\">It chose the second option.<\/p>\n<hr data-start=\"2257\" data-end=\"2299\" \/>\n<p data-start=\"2301\" data-end=\"2351\"><strong data-start=\"2301\" data-end=\"2349\">European coherence versus national ambiguity<\/strong><\/p>\n<p data-start=\"2353\" data-end=\"2551\"><span class=\"hover:entity-accent entity-underline inline cursor-pointer align-baseline\"><span class=\"whitespace-normal\">Emmanuel Macron<\/span><\/span> has championed the idea of European sovereignty. Yet integrated sovereignty implies that certain decisions escape the unilateral control of national capitals.<\/p>\n<p data-start=\"2553\" data-end=\"2763\">One cannot call for a Europe capable of concluding credible global agreements and, at the same time, maintain that a single State should be able to suspend that dynamic whenever domestic political costs rise.<\/p>\n<p data-start=\"2765\" data-end=\"2888\">The Commission acted according to the logic of the system. France discovered that it no longer controls this lever alone.<\/p>\n<p data-start=\"2890\" data-end=\"2971\">This is not an anomaly. It is the normal mechanics of a transferred competence.<\/p>\n<hr data-start=\"2973\" data-end=\"3015\" \/>\n<p data-start=\"3017\" data-end=\"3046\"><strong data-start=\"3017\" data-end=\"3044\">The strategic diagnosis<\/strong><\/p>\n<p data-start=\"3048\" data-end=\"3162\">The issue is now clear: France has never explicitly defined the limit of the sovereignty it is prepared to pool.<\/p>\n<p data-start=\"3164\" data-end=\"3312\">It promotes a \u201cEurope as a power\u201d \u2014 but without having resolved the central question: how far is it willing to let that power decide in its stead?<\/p>\n<p data-start=\"3314\" data-end=\"3446\">Mercosur reveals that European sovereignty, once operational, ceases to be a mobilising concept and becomes a concrete constraint.<\/p>\n<p data-start=\"3448\" data-end=\"3622\">This moment marks the end of an unstable equilibrium: supporting integration while assuming that, in the final instance, Paris would retain a political power of suspension.<\/p>\n<p data-start=\"3624\" data-end=\"3664\">That assumption is no longer credible.<\/p>\n<hr data-start=\"3666\" data-end=\"3708\" \/>\n<p data-start=\"3710\" data-end=\"3746\"><strong data-start=\"3710\" data-end=\"3744\">Three paths \u2014 none comfortable<\/strong><\/p>\n<p data-start=\"3748\" data-end=\"3806\">Paris can no longer take refuge in declaratory politics.<\/p>\n<p data-start=\"3808\" data-end=\"3839\">Only three paths remain open.<\/p>\n<p data-start=\"3841\" data-end=\"4008\">The first: fully embrace the current logic, accept that trade policy is decided at the European level, and stop sustaining the illusion of ultimate national control.<\/p>\n<p data-start=\"4010\" data-end=\"4240\">The second: explicitly build a coalition of Member States to exert structural weight within the Council and politically frame the use of provisional application \u2014 which requires a constant and openly assumed diplomatic strategy.<\/p>\n<p data-start=\"4242\" data-end=\"4454\">The third: propose a treaty revision aimed at reintroducing a veto mechanism or binding national ratification for major trade agreements \u2014 accepting the impact this would have on the Union\u2019s external coherence.<\/p>\n<p data-start=\"4456\" data-end=\"4496\">There is no sustainable middle ground.<\/p>\n<p data-start=\"4498\" data-end=\"4582\">27 February 2026 is not an institutional scandal. It is a strategic clarification.<\/p>\n<p data-start=\"4584\" data-end=\"4675\">France must now decide whether it wants a Europe that decides \u2014 or a Europe it can block.<\/p>\n<p data-start=\"4677\" data-end=\"4723\" data-is-last-node=\"\" data-is-only-node=\"\">And that choice no longer belongs to rhetoric.<\/p>\n","protected":false},"excerpt":{"rendered":"<p>The provisional application of the trade agreement between the European Union and Mercosur, triggered on 27 February 2026 despite French opposition, is not an institutional coup. It is the logical culmination of a framework that Paris itself helped to construct. The moment calls for a strategic clarification that France has postponed for three decades. 27&hellip;<\/p>\n","protected":false},"author":4,"featured_media":31202,"comment_status":"open","ping_status":"open","sticky":false,"template":"","format":"standard","meta":{"give_campaign_id":0,"_crdt_document":"","_exactmetrics_skip_tracking":false,"_exactmetrics_sitenote_active":false,"_exactmetrics_sitenote_note":"","_exactmetrics_sitenote_category":0,"_jetpack_newsletter_access":"","_jetpack_dont_email_post_to_subs":false,"_jetpack_newsletter_tier_id":0,"_jetpack_memberships_contains_paywalled_content":false,"mc4wp_mailchimp_campaign":[],"_jetpack_memberships_contains_paid_content":false,"footnotes":"","jetpack_publicize_message":"","jetpack_publicize_feature_enabled":true,"jetpack_social_post_already_shared":true,"jetpack_social_options":{"image_generator_settings":{"template":"highway","default_image_id":0,"font":"","enabled":false},"version":2},"_wpas_customize_per_network":false,"jetpack_post_was_ever_published":false},"categories":[648943169,648943171,648943172,648943170],"tags":[],"class_list":["post-31199","post","type-post","status-publish","format-standard","has-post-thumbnail","hentry","category-european-sovereignty","category-exclusive-competence","category-strategic-balance","category-trade-integration"],"yoast_head":"<!-- This site is optimized with the Yoast SEO plugin v27.4 - https:\/\/yoast.com\/product\/yoast-seo-wordpress\/ -->\n<title>Mercosur: When Europe Takes France at Its Word - Michel Santi<\/title>\n<meta name=\"robots\" content=\"index, follow, max-snippet:-1, max-image-preview:large, max-video-preview:-1\" \/>\n<link rel=\"canonical\" href=\"https:\/\/michelsanti.fr\/en\/european-sovereignty\/mercosur\" \/>\n<meta property=\"og:locale\" content=\"en_US\" \/>\n<meta property=\"og:type\" content=\"article\" \/>\n<meta property=\"og:title\" content=\"Mercosur: When Europe Takes France at Its Word - Michel Santi\" \/>\n<meta property=\"og:description\" content=\"The provisional application of the trade agreement between the European Union and Mercosur, triggered on 27 February 2026 despite French opposition, is not an institutional coup. It is the logical culmination of a framework that Paris itself helped to construct. The moment calls for a strategic clarification that France has postponed for three decades. 27&hellip;\" \/>\n<meta property=\"og:url\" content=\"https:\/\/michelsanti.fr\/en\/european-sovereignty\/mercosur\" \/>\n<meta property=\"og:site_name\" content=\"Michel Santi\" \/>\n<meta property=\"article:publisher\" content=\"https:\/\/www.facebook.com\/michel.santi.economiste\" \/>\n<meta property=\"article:published_time\" content=\"2026-03-01T15:25:10+00:00\" \/>\n<meta property=\"og:image\" content=\"https:\/\/michelsanti.fr\/wp-content\/uploads\/2026\/03\/mercosur-1024x683.png\" \/>\n\t<meta property=\"og:image:width\" content=\"1024\" \/>\n\t<meta property=\"og:image:height\" content=\"683\" \/>\n\t<meta property=\"og:image:type\" content=\"image\/png\" \/>\n<meta name=\"author\" content=\"Michel Santi\" \/>\n<meta name=\"twitter:card\" content=\"summary_large_image\" \/>\n<meta name=\"twitter:creator\" content=\"@michelsanti1\" \/>\n<meta name=\"twitter:site\" content=\"@michelsanti1\" \/>\n<meta name=\"twitter:label1\" content=\"Written by\" \/>\n\t<meta name=\"twitter:data1\" content=\"Michel Santi\" \/>\n\t<meta name=\"twitter:label2\" content=\"Est. reading time\" \/>\n\t<meta name=\"twitter:data2\" content=\"4 minutes\" \/>\n<script type=\"application\/ld+json\" class=\"yoast-schema-graph\">{\"@context\":\"https:\\\/\\\/schema.org\",\"@graph\":[{\"@type\":\"Article\",\"@id\":\"https:\\\/\\\/michelsanti.fr\\\/en\\\/european-sovereignty\\\/mercosur#article\",\"isPartOf\":{\"@id\":\"https:\\\/\\\/michelsanti.fr\\\/en\\\/european-sovereignty\\\/mercosur\"},\"author\":{\"name\":\"Michel Santi\",\"@id\":\"https:\\\/\\\/michelsanti.fr\\\/#\\\/schema\\\/person\\\/ba61ae1376925b43e3d1ddbc1e3eb2a4\"},\"headline\":\"Mercosur: When Europe Takes France at Its Word\",\"datePublished\":\"2026-03-01T15:25:10+00:00\",\"mainEntityOfPage\":{\"@id\":\"https:\\\/\\\/michelsanti.fr\\\/en\\\/european-sovereignty\\\/mercosur\"},\"wordCount\":661,\"commentCount\":0,\"image\":{\"@id\":\"https:\\\/\\\/michelsanti.fr\\\/en\\\/european-sovereignty\\\/mercosur#primaryimage\"},\"thumbnailUrl\":\"https:\\\/\\\/i0.wp.com\\\/michelsanti.fr\\\/wp-content\\\/uploads\\\/2026\\\/03\\\/mercosur.png?fit=1536%2C1024&ssl=1\",\"articleSection\":[\"European sovereignty\",\"Exclusive competence\",\"Strategic balance\",\"Trade integration\"],\"inLanguage\":\"en-US\",\"potentialAction\":[{\"@type\":\"CommentAction\",\"name\":\"Comment\",\"target\":[\"https:\\\/\\\/michelsanti.fr\\\/en\\\/european-sovereignty\\\/mercosur#respond\"]}]},{\"@type\":\"WebPage\",\"@id\":\"https:\\\/\\\/michelsanti.fr\\\/en\\\/european-sovereignty\\\/mercosur\",\"url\":\"https:\\\/\\\/michelsanti.fr\\\/en\\\/european-sovereignty\\\/mercosur\",\"name\":\"Mercosur: When Europe Takes France at Its Word - Michel Santi\",\"isPartOf\":{\"@id\":\"https:\\\/\\\/michelsanti.fr\\\/#website\"},\"primaryImageOfPage\":{\"@id\":\"https:\\\/\\\/michelsanti.fr\\\/en\\\/european-sovereignty\\\/mercosur#primaryimage\"},\"image\":{\"@id\":\"https:\\\/\\\/michelsanti.fr\\\/en\\\/european-sovereignty\\\/mercosur#primaryimage\"},\"thumbnailUrl\":\"https:\\\/\\\/i0.wp.com\\\/michelsanti.fr\\\/wp-content\\\/uploads\\\/2026\\\/03\\\/mercosur.png?fit=1536%2C1024&ssl=1\",\"datePublished\":\"2026-03-01T15:25:10+00:00\",\"author\":{\"@id\":\"https:\\\/\\\/michelsanti.fr\\\/#\\\/schema\\\/person\\\/ba61ae1376925b43e3d1ddbc1e3eb2a4\"},\"breadcrumb\":{\"@id\":\"https:\\\/\\\/michelsanti.fr\\\/en\\\/european-sovereignty\\\/mercosur#breadcrumb\"},\"inLanguage\":\"en-US\",\"potentialAction\":[{\"@type\":\"ReadAction\",\"target\":[\"https:\\\/\\\/michelsanti.fr\\\/en\\\/european-sovereignty\\\/mercosur\"]}]},{\"@type\":\"ImageObject\",\"inLanguage\":\"en-US\",\"@id\":\"https:\\\/\\\/michelsanti.fr\\\/en\\\/european-sovereignty\\\/mercosur#primaryimage\",\"url\":\"https:\\\/\\\/i0.wp.com\\\/michelsanti.fr\\\/wp-content\\\/uploads\\\/2026\\\/03\\\/mercosur.png?fit=1536%2C1024&ssl=1\",\"contentUrl\":\"https:\\\/\\\/i0.wp.com\\\/michelsanti.fr\\\/wp-content\\\/uploads\\\/2026\\\/03\\\/mercosur.png?fit=1536%2C1024&ssl=1\",\"width\":1536,\"height\":1024},{\"@type\":\"BreadcrumbList\",\"@id\":\"https:\\\/\\\/michelsanti.fr\\\/en\\\/european-sovereignty\\\/mercosur#breadcrumb\",\"itemListElement\":[{\"@type\":\"ListItem\",\"position\":1,\"name\":\"Accueil\",\"item\":\"https:\\\/\\\/michelsanti.fr\\\/\"},{\"@type\":\"ListItem\",\"position\":2,\"name\":\"Mercosur: When Europe Takes France at Its Word\"}]},{\"@type\":\"WebSite\",\"@id\":\"https:\\\/\\\/michelsanti.fr\\\/#website\",\"url\":\"https:\\\/\\\/michelsanti.fr\\\/\",\"name\":\"Michel Santi\",\"description\":\"\\\"It is not because things are difficult that we do not dare. It is because we do not dare that they seem difficult\\\", Seneca the Younger\",\"potentialAction\":[{\"@type\":\"SearchAction\",\"target\":{\"@type\":\"EntryPoint\",\"urlTemplate\":\"https:\\\/\\\/michelsanti.fr\\\/?s={search_term_string}\"},\"query-input\":{\"@type\":\"PropertyValueSpecification\",\"valueRequired\":true,\"valueName\":\"search_term_string\"}}],\"inLanguage\":\"en-US\"},{\"@type\":\"Person\",\"@id\":\"https:\\\/\\\/michelsanti.fr\\\/#\\\/schema\\\/person\\\/ba61ae1376925b43e3d1ddbc1e3eb2a4\",\"name\":\"Michel Santi\",\"image\":{\"@type\":\"ImageObject\",\"inLanguage\":\"en-US\",\"@id\":\"https:\\\/\\\/secure.gravatar.com\\\/avatar\\\/e6bc76c70234e8753d2b85c3b3bd08397f8734d2cddafa2d9ab319e7163e44a1?s=96&d=identicon&r=g\",\"url\":\"https:\\\/\\\/secure.gravatar.com\\\/avatar\\\/e6bc76c70234e8753d2b85c3b3bd08397f8734d2cddafa2d9ab319e7163e44a1?s=96&d=identicon&r=g\",\"contentUrl\":\"https:\\\/\\\/secure.gravatar.com\\\/avatar\\\/e6bc76c70234e8753d2b85c3b3bd08397f8734d2cddafa2d9ab319e7163e44a1?s=96&d=identicon&r=g\",\"caption\":\"Michel Santi\"},\"sameAs\":[\"https:\\\/\\\/michelsanti.fr\\\/\"],\"url\":\"https:\\\/\\\/michelsanti.fr\\\/en\\\/author\\\/msanti17\"}]}<\/script>\n<!-- \/ Yoast SEO plugin. -->","yoast_head_json":{"title":"Mercosur: When Europe Takes France at Its Word - Michel Santi","robots":{"index":"index","follow":"follow","max-snippet":"max-snippet:-1","max-image-preview":"max-image-preview:large","max-video-preview":"max-video-preview:-1"},"canonical":"https:\/\/michelsanti.fr\/en\/european-sovereignty\/mercosur","og_locale":"en_US","og_type":"article","og_title":"Mercosur: When Europe Takes France at Its Word - Michel Santi","og_description":"The provisional application of the trade agreement between the European Union and Mercosur, triggered on 27 February 2026 despite French opposition, is not an institutional coup. It is the logical culmination of a framework that Paris itself helped to construct. The moment calls for a strategic clarification that France has postponed for three decades. 27&hellip;","og_url":"https:\/\/michelsanti.fr\/en\/european-sovereignty\/mercosur","og_site_name":"Michel Santi","article_publisher":"https:\/\/www.facebook.com\/michel.santi.economiste","article_published_time":"2026-03-01T15:25:10+00:00","og_image":[{"width":1024,"height":683,"url":"https:\/\/michelsanti.fr\/wp-content\/uploads\/2026\/03\/mercosur-1024x683.png","type":"image\/png"}],"author":"Michel Santi","twitter_card":"summary_large_image","twitter_creator":"@michelsanti1","twitter_site":"@michelsanti1","twitter_misc":{"Written by":"Michel Santi","Est. reading time":"4 minutes"},"schema":{"@context":"https:\/\/schema.org","@graph":[{"@type":"Article","@id":"https:\/\/michelsanti.fr\/en\/european-sovereignty\/mercosur#article","isPartOf":{"@id":"https:\/\/michelsanti.fr\/en\/european-sovereignty\/mercosur"},"author":{"name":"Michel Santi","@id":"https:\/\/michelsanti.fr\/#\/schema\/person\/ba61ae1376925b43e3d1ddbc1e3eb2a4"},"headline":"Mercosur: When Europe Takes France at Its Word","datePublished":"2026-03-01T15:25:10+00:00","mainEntityOfPage":{"@id":"https:\/\/michelsanti.fr\/en\/european-sovereignty\/mercosur"},"wordCount":661,"commentCount":0,"image":{"@id":"https:\/\/michelsanti.fr\/en\/european-sovereignty\/mercosur#primaryimage"},"thumbnailUrl":"https:\/\/i0.wp.com\/michelsanti.fr\/wp-content\/uploads\/2026\/03\/mercosur.png?fit=1536%2C1024&ssl=1","articleSection":["European sovereignty","Exclusive competence","Strategic balance","Trade integration"],"inLanguage":"en-US","potentialAction":[{"@type":"CommentAction","name":"Comment","target":["https:\/\/michelsanti.fr\/en\/european-sovereignty\/mercosur#respond"]}]},{"@type":"WebPage","@id":"https:\/\/michelsanti.fr\/en\/european-sovereignty\/mercosur","url":"https:\/\/michelsanti.fr\/en\/european-sovereignty\/mercosur","name":"Mercosur: When Europe Takes France at Its Word - Michel Santi","isPartOf":{"@id":"https:\/\/michelsanti.fr\/#website"},"primaryImageOfPage":{"@id":"https:\/\/michelsanti.fr\/en\/european-sovereignty\/mercosur#primaryimage"},"image":{"@id":"https:\/\/michelsanti.fr\/en\/european-sovereignty\/mercosur#primaryimage"},"thumbnailUrl":"https:\/\/i0.wp.com\/michelsanti.fr\/wp-content\/uploads\/2026\/03\/mercosur.png?fit=1536%2C1024&ssl=1","datePublished":"2026-03-01T15:25:10+00:00","author":{"@id":"https:\/\/michelsanti.fr\/#\/schema\/person\/ba61ae1376925b43e3d1ddbc1e3eb2a4"},"breadcrumb":{"@id":"https:\/\/michelsanti.fr\/en\/european-sovereignty\/mercosur#breadcrumb"},"inLanguage":"en-US","potentialAction":[{"@type":"ReadAction","target":["https:\/\/michelsanti.fr\/en\/european-sovereignty\/mercosur"]}]},{"@type":"ImageObject","inLanguage":"en-US","@id":"https:\/\/michelsanti.fr\/en\/european-sovereignty\/mercosur#primaryimage","url":"https:\/\/i0.wp.com\/michelsanti.fr\/wp-content\/uploads\/2026\/03\/mercosur.png?fit=1536%2C1024&ssl=1","contentUrl":"https:\/\/i0.wp.com\/michelsanti.fr\/wp-content\/uploads\/2026\/03\/mercosur.png?fit=1536%2C1024&ssl=1","width":1536,"height":1024},{"@type":"BreadcrumbList","@id":"https:\/\/michelsanti.fr\/en\/european-sovereignty\/mercosur#breadcrumb","itemListElement":[{"@type":"ListItem","position":1,"name":"Accueil","item":"https:\/\/michelsanti.fr\/"},{"@type":"ListItem","position":2,"name":"Mercosur: When Europe Takes France at Its Word"}]},{"@type":"WebSite","@id":"https:\/\/michelsanti.fr\/#website","url":"https:\/\/michelsanti.fr\/","name":"Michel Santi","description":"\"It is not because things are difficult that we do not dare. It is because we do not dare that they seem difficult\", Seneca the Younger","potentialAction":[{"@type":"SearchAction","target":{"@type":"EntryPoint","urlTemplate":"https:\/\/michelsanti.fr\/?s={search_term_string}"},"query-input":{"@type":"PropertyValueSpecification","valueRequired":true,"valueName":"search_term_string"}}],"inLanguage":"en-US"},{"@type":"Person","@id":"https:\/\/michelsanti.fr\/#\/schema\/person\/ba61ae1376925b43e3d1ddbc1e3eb2a4","name":"Michel Santi","image":{"@type":"ImageObject","inLanguage":"en-US","@id":"https:\/\/secure.gravatar.com\/avatar\/e6bc76c70234e8753d2b85c3b3bd08397f8734d2cddafa2d9ab319e7163e44a1?s=96&d=identicon&r=g","url":"https:\/\/secure.gravatar.com\/avatar\/e6bc76c70234e8753d2b85c3b3bd08397f8734d2cddafa2d9ab319e7163e44a1?s=96&d=identicon&r=g","contentUrl":"https:\/\/secure.gravatar.com\/avatar\/e6bc76c70234e8753d2b85c3b3bd08397f8734d2cddafa2d9ab319e7163e44a1?s=96&d=identicon&r=g","caption":"Michel Santi"},"sameAs":["https:\/\/michelsanti.fr\/"],"url":"https:\/\/michelsanti.fr\/en\/author\/msanti17"}]}},"jetpack_publicize_connections":[],"jetpack_featured_media_url":"https:\/\/i0.wp.com\/michelsanti.fr\/wp-content\/uploads\/2026\/03\/mercosur.png?fit=1536%2C1024&ssl=1","jetpack_sharing_enabled":true,"jetpack_shortlink":"https:\/\/wp.me\/sagvtB-mercosur","jetpack_likes_enabled":true,"jetpack-related-posts":[{"id":30919,"url":"https:\/\/michelsanti.fr\/deindustrialization\/germany-europe","url_meta":{"origin":31199,"position":0},"title":"A Broken Germany: Europe Confronts Its Economic Suicide","author":"Michel Santi","date":"January 11, 2026","format":false,"excerpt":"The year 2026 opens on a truth that no one can conceal any longer. The industrial matrix of the continent, the bedrock of European prosperity for three decades, Germany has entered a structural recession. The Financial Times put it in black and white at the end of 2025: Europe\u2019s leading\u2026","rel":"","context":"In &quot;Deindustrialization&quot;","block_context":{"text":"Deindustrialization","link":"https:\/\/michelsanti.fr\/category\/deindustrialization"},"img":{"alt_text":"","src":"https:\/\/i0.wp.com\/michelsanti.fr\/wp-content\/uploads\/2026\/01\/europe-allemagne.png?resize=350%2C200&ssl=1","width":350,"height":200,"srcset":"https:\/\/i0.wp.com\/michelsanti.fr\/wp-content\/uploads\/2026\/01\/europe-allemagne.png?resize=350%2C200&ssl=1 1x, https:\/\/i0.wp.com\/michelsanti.fr\/wp-content\/uploads\/2026\/01\/europe-allemagne.png?resize=525%2C300&ssl=1 1.5x, https:\/\/i0.wp.com\/michelsanti.fr\/wp-content\/uploads\/2026\/01\/europe-allemagne.png?resize=700%2C400&ssl=1 2x"},"classes":[]},{"id":31308,"url":"https:\/\/michelsanti.fr\/en\/swiss-neutrality\/switzerland-a-negotiable-power","url_meta":{"origin":31199,"position":1},"title":"Switzerland, a Negotiable Power?","author":"Michel Santi","date":"March 11, 2026","format":false,"excerpt":"How a Prosperous State Turned Its Neutrality into an Adjustment Variable Switzerland is experiencing the most serious existential crisis of its modern history. What was once presented as a singular success story\u2014armed neutrality, admired mediation, insolent prosperity\u2014has turned into a spectacle of impotence and submission. By 2026, the verdict is\u2026","rel":"","context":"In &quot;Financial diplomacy&quot;","block_context":{"text":"Financial diplomacy","link":"https:\/\/michelsanti.fr\/en\/category\/financial-diplomacy"},"img":{"alt_text":"","src":"https:\/\/i0.wp.com\/michelsanti.fr\/wp-content\/uploads\/2026\/03\/CH.png?fit=1200%2C800&ssl=1&resize=350%2C200","width":350,"height":200,"srcset":"https:\/\/i0.wp.com\/michelsanti.fr\/wp-content\/uploads\/2026\/03\/CH.png?fit=1200%2C800&ssl=1&resize=350%2C200 1x, https:\/\/i0.wp.com\/michelsanti.fr\/wp-content\/uploads\/2026\/03\/CH.png?fit=1200%2C800&ssl=1&resize=525%2C300 1.5x, https:\/\/i0.wp.com\/michelsanti.fr\/wp-content\/uploads\/2026\/03\/CH.png?fit=1200%2C800&ssl=1&resize=700%2C400 2x, https:\/\/i0.wp.com\/michelsanti.fr\/wp-content\/uploads\/2026\/03\/CH.png?fit=1200%2C800&ssl=1&resize=1050%2C600 3x"},"classes":[]},{"id":31197,"url":"https:\/\/michelsanti.fr\/souverainete-europeenne\/mercosur-quand-leurope-prend-la-france-au-mot","url_meta":{"origin":31199,"position":2},"title":"Mercosur : quand l\u2019Europe prend la France au mot","author":"Michel Santi","date":"March 1, 2026","format":false,"excerpt":"\u00a0 L'application provisoire de l'accord commercial entre l'Union europ\u00e9enne et le Mercosur, d\u00e9clench\u00e9e le 27 f\u00e9vrier 2026 malgr\u00e9 l'opposition fran\u00e7aise, n'est pas un coup de force institutionnel. C'est l'aboutissement logique d'un cadre que Paris a lui-m\u00eame contribu\u00e9 \u00e0 construire. Le moment impose une clarification strat\u00e9gique que la France diff\u00e9rait depuis\u2026","rel":"","context":"In &quot;\u00c9quilibre strat\u00e9gique&quot;","block_context":{"text":"\u00c9quilibre strat\u00e9gique","link":"https:\/\/michelsanti.fr\/en\/category\/equilibre-strategique"},"img":{"alt_text":"","src":"https:\/\/i0.wp.com\/michelsanti.fr\/wp-content\/uploads\/2026\/03\/mercosur.png?resize=350%2C200&ssl=1","width":350,"height":200,"srcset":"https:\/\/i0.wp.com\/michelsanti.fr\/wp-content\/uploads\/2026\/03\/mercosur.png?resize=350%2C200&ssl=1 1x, https:\/\/i0.wp.com\/michelsanti.fr\/wp-content\/uploads\/2026\/03\/mercosur.png?resize=525%2C300&ssl=1 1.5x, https:\/\/i0.wp.com\/michelsanti.fr\/wp-content\/uploads\/2026\/03\/mercosur.png?resize=700%2C400&ssl=1 2x, https:\/\/i0.wp.com\/michelsanti.fr\/wp-content\/uploads\/2026\/03\/mercosur.png?resize=1050%2C600&ssl=1 3x, https:\/\/i0.wp.com\/michelsanti.fr\/wp-content\/uploads\/2026\/03\/mercosur.png?resize=1400%2C800&ssl=1 4x"},"classes":[]},{"id":31219,"url":"https:\/\/michelsanti.fr\/en\/marine-insurance\/after-the-missiles-the-silence-of-the-insurers","url_meta":{"origin":31199,"position":3},"title":"After the missiles, the silence of the insurers","author":"Michel Santi","date":"March 3, 2026","format":false,"excerpt":"We watch the missiles. We comment on the strikes. We scrutinize the straits. But the real breaking point may lie elsewhere: in the underwriting rooms of the City. London no longer commands the seas through the Royal Navy. It commands them through insurance. Lloyd's of London underwrites roughly 40% of\u2026","rel":"","context":"In &quot;Insurance sovereignty&quot;","block_context":{"text":"Insurance sovereignty","link":"https:\/\/michelsanti.fr\/en\/category\/insurance-sovereignty"},"img":{"alt_text":"","src":"https:\/\/i0.wp.com\/michelsanti.fr\/wp-content\/uploads\/2026\/03\/santi-assurance.png?fit=800%2C1200&ssl=1&resize=350%2C200","width":350,"height":200,"srcset":"https:\/\/i0.wp.com\/michelsanti.fr\/wp-content\/uploads\/2026\/03\/santi-assurance.png?fit=800%2C1200&ssl=1&resize=350%2C200 1x, https:\/\/i0.wp.com\/michelsanti.fr\/wp-content\/uploads\/2026\/03\/santi-assurance.png?fit=800%2C1200&ssl=1&resize=525%2C300 1.5x, https:\/\/i0.wp.com\/michelsanti.fr\/wp-content\/uploads\/2026\/03\/santi-assurance.png?fit=800%2C1200&ssl=1&resize=700%2C400 2x"},"classes":[]},{"id":13736,"url":"https:\/\/michelsanti.fr\/en\/germany\/the-european-illusion","url_meta":{"origin":31199,"position":4},"title":"The European illusion","author":"Michel Santi","date":"March 15, 2017","format":false,"excerpt":"The infamous Treaty of Versailles which was imposed on Germany following the First World War forced the nation to pay the astronomical sum of 132 billion Marks. This iniquitous treaty was to provoke the Occupation of the Ruhr in 1923 by France, displeased at the delays in German payments. In\u2026","rel":"","context":"In &quot;debt&quot;","block_context":{"text":"debt","link":"https:\/\/michelsanti.fr\/en\/category\/debt"},"img":{"alt_text":"","src":"https:\/\/i0.wp.com\/michelsanti.fr\/wp-content\/uploads\/2018\/10\/versailles_traite.jpg?fit=848%2C730&ssl=1&resize=350%2C200","width":350,"height":200,"srcset":"https:\/\/i0.wp.com\/michelsanti.fr\/wp-content\/uploads\/2018\/10\/versailles_traite.jpg?fit=848%2C730&ssl=1&resize=350%2C200 1x, https:\/\/i0.wp.com\/michelsanti.fr\/wp-content\/uploads\/2018\/10\/versailles_traite.jpg?fit=848%2C730&ssl=1&resize=525%2C300 1.5x, https:\/\/i0.wp.com\/michelsanti.fr\/wp-content\/uploads\/2018\/10\/versailles_traite.jpg?fit=848%2C730&ssl=1&resize=700%2C400 2x"},"classes":[]},{"id":30742,"url":"https:\/\/michelsanti.fr\/en\/sovereignty\/japan-an-ally-with-no-voice-and-no-choice","url_meta":{"origin":31199,"position":5},"title":"Japan: an ally with no voice and no choice","author":"Michel Santi","date":"December 1, 2025","format":false,"excerpt":"Caught between China\u2019s rise and America\u2019s decline, Tokyo is losing its strategic autonomy. A crushing dependence The regional dynamics are stark and undeniable.In thirty years, Japan\u2019s share of global GDP has fallen from 14% to 4%.During that same period, China rose from 2% to 18% of world GDP, becoming today\u2026","rel":"","context":"In &quot;Geopolitical rivalry&quot;","block_context":{"text":"Geopolitical rivalry","link":"https:\/\/michelsanti.fr\/en\/category\/geopolitical-rivalry"},"img":{"alt_text":"","src":"https:\/\/i0.wp.com\/michelsanti.fr\/wp-content\/uploads\/2025\/12\/japan-middle.png?fit=800%2C1200&ssl=1&resize=350%2C200","width":350,"height":200,"srcset":"https:\/\/i0.wp.com\/michelsanti.fr\/wp-content\/uploads\/2025\/12\/japan-middle.png?fit=800%2C1200&ssl=1&resize=350%2C200 1x, https:\/\/i0.wp.com\/michelsanti.fr\/wp-content\/uploads\/2025\/12\/japan-middle.png?fit=800%2C1200&ssl=1&resize=525%2C300 1.5x, https:\/\/i0.wp.com\/michelsanti.fr\/wp-content\/uploads\/2025\/12\/japan-middle.png?fit=800%2C1200&ssl=1&resize=700%2C400 2x"},"classes":[]}],"amp_enabled":true,"_links":{"self":[{"href":"https:\/\/michelsanti.fr\/en\/wp-json\/wp\/v2\/posts\/31199","targetHints":{"allow":["GET"]}}],"collection":[{"href":"https:\/\/michelsanti.fr\/en\/wp-json\/wp\/v2\/posts"}],"about":[{"href":"https:\/\/michelsanti.fr\/en\/wp-json\/wp\/v2\/types\/post"}],"author":[{"embeddable":true,"href":"https:\/\/michelsanti.fr\/en\/wp-json\/wp\/v2\/users\/4"}],"replies":[{"embeddable":true,"href":"https:\/\/michelsanti.fr\/en\/wp-json\/wp\/v2\/comments?post=31199"}],"version-history":[{"count":2,"href":"https:\/\/michelsanti.fr\/en\/wp-json\/wp\/v2\/posts\/31199\/revisions"}],"predecessor-version":[{"id":31204,"href":"https:\/\/michelsanti.fr\/en\/wp-json\/wp\/v2\/posts\/31199\/revisions\/31204"}],"wp:featuredmedia":[{"embeddable":true,"href":"https:\/\/michelsanti.fr\/en\/wp-json\/wp\/v2\/media\/31202"}],"wp:attachment":[{"href":"https:\/\/michelsanti.fr\/en\/wp-json\/wp\/v2\/media?parent=31199"}],"wp:term":[{"taxonomy":"category","embeddable":true,"href":"https:\/\/michelsanti.fr\/en\/wp-json\/wp\/v2\/categories?post=31199"},{"taxonomy":"post_tag","embeddable":true,"href":"https:\/\/michelsanti.fr\/en\/wp-json\/wp\/v2\/tags?post=31199"}],"curies":[{"name":"wp","href":"https:\/\/api.w.org\/{rel}","templated":true}]}}