{"id":22710,"date":"2022-08-01T13:44:03","date_gmt":"2022-08-01T11:44:03","guid":{"rendered":"https:\/\/michelsanti.fr\/?p=22710"},"modified":"2022-08-01T13:44:03","modified_gmt":"2022-08-01T11:44:03","slug":"neoliberalisme-et-inflation","status":"publish","type":"post","link":"https:\/\/michelsanti.fr\/en\/inflation-en\/neoliberalisme-et-inflation","title":{"rendered":"N\u00e9olib\u00e9ralisme et inflation"},"content":{"rendered":"<p><img data-recalc-dims=\"1\" fetchpriority=\"high\" decoding=\"async\" data-attachment-id=\"22712\" data-permalink=\"https:\/\/michelsanti.fr\/en\/inflation-en\/neoliberalisme-et-inflation\/attachment\/fzebkxoxoaaibgz\" data-orig-file=\"https:\/\/i0.wp.com\/michelsanti.fr\/wp-content\/uploads\/2022\/08\/FZEBKxoXoAAibgz.png?fit=637%2C505&amp;ssl=1\" data-orig-size=\"637,505\" data-comments-opened=\"1\" data-image-meta=\"{&quot;aperture&quot;:&quot;0&quot;,&quot;credit&quot;:&quot;&quot;,&quot;camera&quot;:&quot;&quot;,&quot;caption&quot;:&quot;&quot;,&quot;created_timestamp&quot;:&quot;0&quot;,&quot;copyright&quot;:&quot;&quot;,&quot;focal_length&quot;:&quot;0&quot;,&quot;iso&quot;:&quot;0&quot;,&quot;shutter_speed&quot;:&quot;0&quot;,&quot;title&quot;:&quot;&quot;,&quot;orientation&quot;:&quot;0&quot;}\" data-image-title=\"FZEBKxoXoAAibgz\" data-image-description=\"\" data-image-caption=\"\" data-large-file=\"https:\/\/i0.wp.com\/michelsanti.fr\/wp-content\/uploads\/2022\/08\/FZEBKxoXoAAibgz.png?fit=637%2C505&amp;ssl=1\" class=\"alignnone size-medium wp-image-22712\" src=\"https:\/\/i0.wp.com\/michelsanti.fr\/wp-content\/uploads\/2022\/08\/FZEBKxoXoAAibgz.png?resize=300%2C238&#038;ssl=1\" alt=\"\" width=\"300\" height=\"238\" srcset=\"https:\/\/i0.wp.com\/michelsanti.fr\/wp-content\/uploads\/2022\/08\/FZEBKxoXoAAibgz.png?resize=300%2C238&amp;ssl=1 300w, https:\/\/i0.wp.com\/michelsanti.fr\/wp-content\/uploads\/2022\/08\/FZEBKxoXoAAibgz.png?w=637&amp;ssl=1 637w\" sizes=\"(max-width: 300px) 100vw, 300px\" \/><\/p>\n<p>&nbsp;<\/p>\n<p>Les tarifs du bl\u00e9 de retour \u00e0 leurs niveaux d\u2019avant le conflit en Ukraine\u2026laquelle guerre n\u2019est donc pas la responsable principale de cette flamb\u00e9e des prix.<\/p>\n<p>Mais alors\u00a0: qui aura le courage de questionner ces augmentations brutales de tous les prix\u00a0? Par exemple, pourquoi les tomates ont-elles augment\u00e9 de 40 \u00e0 60% alors que le soleil brille toujours en Espagne\u00a0?<\/p>\n<p>La v\u00e9rit\u00e9 est que toutes les entreprises ont juste profit\u00e9 de cette opportunit\u00e9 pour ajuster consid\u00e9rablement en hausse leurs prix et ce sans justification \u00e9conomique ni fondamentale.<\/p>\n<p>&nbsp;<\/p>\n","protected":false},"excerpt":{"rendered":"<p>&nbsp; Les tarifs du bl\u00e9 de retour \u00e0 leurs niveaux d\u2019avant le conflit en Ukraine\u2026laquelle guerre n\u2019est donc pas la responsable principale de cette flamb\u00e9e des prix. Mais alors\u00a0: qui aura le courage de questionner ces augmentations brutales de tous les prix\u00a0? Par exemple, pourquoi les tomates ont-elles augment\u00e9 de 40 \u00e0 60% alors que&hellip;<\/p>\n","protected":false},"author":4,"featured_media":22712,"comment_status":"open","ping_status":"open","sticky":false,"template":"","format":"standard","meta":{"give_campaign_id":0,"_crdt_document":"","_exactmetrics_skip_tracking":false,"_exactmetrics_sitenote_active":false,"_exactmetrics_sitenote_note":"","_exactmetrics_sitenote_category":0,"_jetpack_newsletter_access":"","_jetpack_dont_email_post_to_subs":false,"_jetpack_newsletter_tier_id":0,"_jetpack_memberships_contains_paywalled_content":false,"mc4wp_mailchimp_campaign":[],"_jetpack_memberships_contains_paid_content":false,"footnotes":"","jetpack_publicize_message":"","jetpack_publicize_feature_enabled":true,"jetpack_social_post_already_shared":true,"jetpack_social_options":{"image_generator_settings":{"template":"highway","default_image_id":0,"font":"","enabled":false},"version":2},"_wpas_customize_per_network":false,"jetpack_post_was_ever_published":false},"categories":[648941274],"tags":[],"class_list":["post-22710","post","type-post","status-publish","format-standard","has-post-thumbnail","hentry","category-inflation-en"],"yoast_head":"<!-- This site is optimized with the Yoast SEO plugin v27.5 - https:\/\/yoast.com\/product\/yoast-seo-wordpress\/ -->\n<title>N\u00e9olib\u00e9ralisme et inflation - Michel Santi<\/title>\n<meta name=\"robots\" content=\"index, follow, max-snippet:-1, max-image-preview:large, max-video-preview:-1\" \/>\n<link rel=\"canonical\" href=\"https:\/\/michelsanti.fr\/en\/inflation-en\/neoliberalisme-et-inflation\" \/>\n<meta property=\"og:locale\" content=\"en_US\" \/>\n<meta property=\"og:type\" content=\"article\" \/>\n<meta property=\"og:title\" content=\"N\u00e9olib\u00e9ralisme et inflation - Michel Santi\" \/>\n<meta property=\"og:description\" content=\"&nbsp; Les tarifs du bl\u00e9 de retour \u00e0 leurs niveaux d\u2019avant le conflit en Ukraine\u2026laquelle guerre n\u2019est donc pas la responsable principale de cette flamb\u00e9e des prix. Mais alors\u00a0: qui aura le courage de questionner ces augmentations brutales de tous les prix\u00a0? Par exemple, pourquoi les tomates ont-elles augment\u00e9 de 40 \u00e0 60% alors que&hellip;\" \/>\n<meta property=\"og:url\" content=\"https:\/\/michelsanti.fr\/en\/inflation-en\/neoliberalisme-et-inflation\" \/>\n<meta property=\"og:site_name\" content=\"Michel Santi\" \/>\n<meta property=\"article:publisher\" content=\"https:\/\/www.facebook.com\/michel.santi.economiste\" \/>\n<meta property=\"article:published_time\" content=\"2022-08-01T11:44:03+00:00\" \/>\n<meta property=\"og:image\" content=\"https:\/\/michelsanti.fr\/wp-content\/uploads\/2022\/08\/FZEBKxoXoAAibgz.png\" \/>\n\t<meta property=\"og:image:width\" content=\"637\" \/>\n\t<meta property=\"og:image:height\" content=\"505\" \/>\n\t<meta property=\"og:image:type\" content=\"image\/png\" \/>\n<meta name=\"author\" content=\"Michel Santi\" \/>\n<meta name=\"twitter:card\" content=\"summary_large_image\" \/>\n<meta name=\"twitter:creator\" content=\"@michelsanti1\" \/>\n<meta name=\"twitter:site\" content=\"@michelsanti1\" \/>\n<meta name=\"twitter:label1\" content=\"Written by\" \/>\n\t<meta name=\"twitter:data1\" content=\"Michel Santi\" \/>\n\t<meta name=\"twitter:label2\" content=\"Est. reading time\" \/>\n\t<meta name=\"twitter:data2\" content=\"1 minute\" \/>\n<script type=\"application\/ld+json\" class=\"yoast-schema-graph\">{\"@context\":\"https:\\\/\\\/schema.org\",\"@graph\":[{\"@type\":\"Article\",\"@id\":\"https:\\\/\\\/michelsanti.fr\\\/en\\\/inflation-en\\\/neoliberalisme-et-inflation#article\",\"isPartOf\":{\"@id\":\"https:\\\/\\\/michelsanti.fr\\\/en\\\/inflation-en\\\/neoliberalisme-et-inflation\"},\"author\":{\"name\":\"Michel Santi\",\"@id\":\"https:\\\/\\\/michelsanti.fr\\\/#\\\/schema\\\/person\\\/ba61ae1376925b43e3d1ddbc1e3eb2a4\"},\"headline\":\"N\u00e9olib\u00e9ralisme et inflation\",\"datePublished\":\"2022-08-01T11:44:03+00:00\",\"mainEntityOfPage\":{\"@id\":\"https:\\\/\\\/michelsanti.fr\\\/en\\\/inflation-en\\\/neoliberalisme-et-inflation\"},\"wordCount\":96,\"commentCount\":0,\"image\":{\"@id\":\"https:\\\/\\\/michelsanti.fr\\\/en\\\/inflation-en\\\/neoliberalisme-et-inflation#primaryimage\"},\"thumbnailUrl\":\"https:\\\/\\\/i0.wp.com\\\/michelsanti.fr\\\/wp-content\\\/uploads\\\/2022\\\/08\\\/FZEBKxoXoAAibgz.png?fit=637%2C505&ssl=1\",\"articleSection\":[\"Inflation\"],\"inLanguage\":\"en-US\",\"potentialAction\":[{\"@type\":\"CommentAction\",\"name\":\"Comment\",\"target\":[\"https:\\\/\\\/michelsanti.fr\\\/en\\\/inflation-en\\\/neoliberalisme-et-inflation#respond\"]}]},{\"@type\":\"WebPage\",\"@id\":\"https:\\\/\\\/michelsanti.fr\\\/en\\\/inflation-en\\\/neoliberalisme-et-inflation\",\"url\":\"https:\\\/\\\/michelsanti.fr\\\/en\\\/inflation-en\\\/neoliberalisme-et-inflation\",\"name\":\"N\u00e9olib\u00e9ralisme et inflation - Michel Santi\",\"isPartOf\":{\"@id\":\"https:\\\/\\\/michelsanti.fr\\\/#website\"},\"primaryImageOfPage\":{\"@id\":\"https:\\\/\\\/michelsanti.fr\\\/en\\\/inflation-en\\\/neoliberalisme-et-inflation#primaryimage\"},\"image\":{\"@id\":\"https:\\\/\\\/michelsanti.fr\\\/en\\\/inflation-en\\\/neoliberalisme-et-inflation#primaryimage\"},\"thumbnailUrl\":\"https:\\\/\\\/i0.wp.com\\\/michelsanti.fr\\\/wp-content\\\/uploads\\\/2022\\\/08\\\/FZEBKxoXoAAibgz.png?fit=637%2C505&ssl=1\",\"datePublished\":\"2022-08-01T11:44:03+00:00\",\"author\":{\"@id\":\"https:\\\/\\\/michelsanti.fr\\\/#\\\/schema\\\/person\\\/ba61ae1376925b43e3d1ddbc1e3eb2a4\"},\"breadcrumb\":{\"@id\":\"https:\\\/\\\/michelsanti.fr\\\/en\\\/inflation-en\\\/neoliberalisme-et-inflation#breadcrumb\"},\"inLanguage\":\"en-US\",\"potentialAction\":[{\"@type\":\"ReadAction\",\"target\":[\"https:\\\/\\\/michelsanti.fr\\\/en\\\/inflation-en\\\/neoliberalisme-et-inflation\"]}]},{\"@type\":\"ImageObject\",\"inLanguage\":\"en-US\",\"@id\":\"https:\\\/\\\/michelsanti.fr\\\/en\\\/inflation-en\\\/neoliberalisme-et-inflation#primaryimage\",\"url\":\"https:\\\/\\\/i0.wp.com\\\/michelsanti.fr\\\/wp-content\\\/uploads\\\/2022\\\/08\\\/FZEBKxoXoAAibgz.png?fit=637%2C505&ssl=1\",\"contentUrl\":\"https:\\\/\\\/i0.wp.com\\\/michelsanti.fr\\\/wp-content\\\/uploads\\\/2022\\\/08\\\/FZEBKxoXoAAibgz.png?fit=637%2C505&ssl=1\",\"width\":637,\"height\":505},{\"@type\":\"BreadcrumbList\",\"@id\":\"https:\\\/\\\/michelsanti.fr\\\/en\\\/inflation-en\\\/neoliberalisme-et-inflation#breadcrumb\",\"itemListElement\":[{\"@type\":\"ListItem\",\"position\":1,\"name\":\"Accueil\",\"item\":\"https:\\\/\\\/michelsanti.fr\\\/\"},{\"@type\":\"ListItem\",\"position\":2,\"name\":\"N\u00e9olib\u00e9ralisme et inflation\"}]},{\"@type\":\"WebSite\",\"@id\":\"https:\\\/\\\/michelsanti.fr\\\/#website\",\"url\":\"https:\\\/\\\/michelsanti.fr\\\/\",\"name\":\"Michel Santi\",\"description\":\"\\\"It is not because things are difficult that we do not dare. It is because we do not dare that they seem difficult\\\", Seneca the Younger\",\"potentialAction\":[{\"@type\":\"SearchAction\",\"target\":{\"@type\":\"EntryPoint\",\"urlTemplate\":\"https:\\\/\\\/michelsanti.fr\\\/?s={search_term_string}\"},\"query-input\":{\"@type\":\"PropertyValueSpecification\",\"valueRequired\":true,\"valueName\":\"search_term_string\"}}],\"inLanguage\":\"en-US\"},{\"@type\":\"Person\",\"@id\":\"https:\\\/\\\/michelsanti.fr\\\/#\\\/schema\\\/person\\\/ba61ae1376925b43e3d1ddbc1e3eb2a4\",\"name\":\"Michel Santi\",\"image\":{\"@type\":\"ImageObject\",\"inLanguage\":\"en-US\",\"@id\":\"https:\\\/\\\/secure.gravatar.com\\\/avatar\\\/e6bc76c70234e8753d2b85c3b3bd08397f8734d2cddafa2d9ab319e7163e44a1?s=96&d=identicon&r=g\",\"url\":\"https:\\\/\\\/secure.gravatar.com\\\/avatar\\\/e6bc76c70234e8753d2b85c3b3bd08397f8734d2cddafa2d9ab319e7163e44a1?s=96&d=identicon&r=g\",\"contentUrl\":\"https:\\\/\\\/secure.gravatar.com\\\/avatar\\\/e6bc76c70234e8753d2b85c3b3bd08397f8734d2cddafa2d9ab319e7163e44a1?s=96&d=identicon&r=g\",\"caption\":\"Michel Santi\"},\"sameAs\":[\"https:\\\/\\\/michelsanti.fr\\\/\"],\"url\":\"https:\\\/\\\/michelsanti.fr\\\/en\\\/author\\\/msanti17\"}]}<\/script>\n<!-- \/ Yoast SEO plugin. -->","yoast_head_json":{"title":"N\u00e9olib\u00e9ralisme et inflation - Michel Santi","robots":{"index":"index","follow":"follow","max-snippet":"max-snippet:-1","max-image-preview":"max-image-preview:large","max-video-preview":"max-video-preview:-1"},"canonical":"https:\/\/michelsanti.fr\/en\/inflation-en\/neoliberalisme-et-inflation","og_locale":"en_US","og_type":"article","og_title":"N\u00e9olib\u00e9ralisme et inflation - Michel Santi","og_description":"&nbsp; Les tarifs du bl\u00e9 de retour \u00e0 leurs niveaux d\u2019avant le conflit en Ukraine\u2026laquelle guerre n\u2019est donc pas la responsable principale de cette flamb\u00e9e des prix. Mais alors\u00a0: qui aura le courage de questionner ces augmentations brutales de tous les prix\u00a0? Par exemple, pourquoi les tomates ont-elles augment\u00e9 de 40 \u00e0 60% alors que&hellip;","og_url":"https:\/\/michelsanti.fr\/en\/inflation-en\/neoliberalisme-et-inflation","og_site_name":"Michel Santi","article_publisher":"https:\/\/www.facebook.com\/michel.santi.economiste","article_published_time":"2022-08-01T11:44:03+00:00","og_image":[{"width":637,"height":505,"url":"https:\/\/michelsanti.fr\/wp-content\/uploads\/2022\/08\/FZEBKxoXoAAibgz.png","type":"image\/png"}],"author":"Michel Santi","twitter_card":"summary_large_image","twitter_creator":"@michelsanti1","twitter_site":"@michelsanti1","twitter_misc":{"Written by":"Michel Santi","Est. reading time":"1 minute"},"schema":{"@context":"https:\/\/schema.org","@graph":[{"@type":"Article","@id":"https:\/\/michelsanti.fr\/en\/inflation-en\/neoliberalisme-et-inflation#article","isPartOf":{"@id":"https:\/\/michelsanti.fr\/en\/inflation-en\/neoliberalisme-et-inflation"},"author":{"name":"Michel Santi","@id":"https:\/\/michelsanti.fr\/#\/schema\/person\/ba61ae1376925b43e3d1ddbc1e3eb2a4"},"headline":"N\u00e9olib\u00e9ralisme et inflation","datePublished":"2022-08-01T11:44:03+00:00","mainEntityOfPage":{"@id":"https:\/\/michelsanti.fr\/en\/inflation-en\/neoliberalisme-et-inflation"},"wordCount":96,"commentCount":0,"image":{"@id":"https:\/\/michelsanti.fr\/en\/inflation-en\/neoliberalisme-et-inflation#primaryimage"},"thumbnailUrl":"https:\/\/i0.wp.com\/michelsanti.fr\/wp-content\/uploads\/2022\/08\/FZEBKxoXoAAibgz.png?fit=637%2C505&ssl=1","articleSection":["Inflation"],"inLanguage":"en-US","potentialAction":[{"@type":"CommentAction","name":"Comment","target":["https:\/\/michelsanti.fr\/en\/inflation-en\/neoliberalisme-et-inflation#respond"]}]},{"@type":"WebPage","@id":"https:\/\/michelsanti.fr\/en\/inflation-en\/neoliberalisme-et-inflation","url":"https:\/\/michelsanti.fr\/en\/inflation-en\/neoliberalisme-et-inflation","name":"N\u00e9olib\u00e9ralisme et inflation - Michel Santi","isPartOf":{"@id":"https:\/\/michelsanti.fr\/#website"},"primaryImageOfPage":{"@id":"https:\/\/michelsanti.fr\/en\/inflation-en\/neoliberalisme-et-inflation#primaryimage"},"image":{"@id":"https:\/\/michelsanti.fr\/en\/inflation-en\/neoliberalisme-et-inflation#primaryimage"},"thumbnailUrl":"https:\/\/i0.wp.com\/michelsanti.fr\/wp-content\/uploads\/2022\/08\/FZEBKxoXoAAibgz.png?fit=637%2C505&ssl=1","datePublished":"2022-08-01T11:44:03+00:00","author":{"@id":"https:\/\/michelsanti.fr\/#\/schema\/person\/ba61ae1376925b43e3d1ddbc1e3eb2a4"},"breadcrumb":{"@id":"https:\/\/michelsanti.fr\/en\/inflation-en\/neoliberalisme-et-inflation#breadcrumb"},"inLanguage":"en-US","potentialAction":[{"@type":"ReadAction","target":["https:\/\/michelsanti.fr\/en\/inflation-en\/neoliberalisme-et-inflation"]}]},{"@type":"ImageObject","inLanguage":"en-US","@id":"https:\/\/michelsanti.fr\/en\/inflation-en\/neoliberalisme-et-inflation#primaryimage","url":"https:\/\/i0.wp.com\/michelsanti.fr\/wp-content\/uploads\/2022\/08\/FZEBKxoXoAAibgz.png?fit=637%2C505&ssl=1","contentUrl":"https:\/\/i0.wp.com\/michelsanti.fr\/wp-content\/uploads\/2022\/08\/FZEBKxoXoAAibgz.png?fit=637%2C505&ssl=1","width":637,"height":505},{"@type":"BreadcrumbList","@id":"https:\/\/michelsanti.fr\/en\/inflation-en\/neoliberalisme-et-inflation#breadcrumb","itemListElement":[{"@type":"ListItem","position":1,"name":"Accueil","item":"https:\/\/michelsanti.fr\/"},{"@type":"ListItem","position":2,"name":"N\u00e9olib\u00e9ralisme et inflation"}]},{"@type":"WebSite","@id":"https:\/\/michelsanti.fr\/#website","url":"https:\/\/michelsanti.fr\/","name":"Michel Santi","description":"\"It is not because things are difficult that we do not dare. It is because we do not dare that they seem difficult\", Seneca the Younger","potentialAction":[{"@type":"SearchAction","target":{"@type":"EntryPoint","urlTemplate":"https:\/\/michelsanti.fr\/?s={search_term_string}"},"query-input":{"@type":"PropertyValueSpecification","valueRequired":true,"valueName":"search_term_string"}}],"inLanguage":"en-US"},{"@type":"Person","@id":"https:\/\/michelsanti.fr\/#\/schema\/person\/ba61ae1376925b43e3d1ddbc1e3eb2a4","name":"Michel Santi","image":{"@type":"ImageObject","inLanguage":"en-US","@id":"https:\/\/secure.gravatar.com\/avatar\/e6bc76c70234e8753d2b85c3b3bd08397f8734d2cddafa2d9ab319e7163e44a1?s=96&d=identicon&r=g","url":"https:\/\/secure.gravatar.com\/avatar\/e6bc76c70234e8753d2b85c3b3bd08397f8734d2cddafa2d9ab319e7163e44a1?s=96&d=identicon&r=g","contentUrl":"https:\/\/secure.gravatar.com\/avatar\/e6bc76c70234e8753d2b85c3b3bd08397f8734d2cddafa2d9ab319e7163e44a1?s=96&d=identicon&r=g","caption":"Michel Santi"},"sameAs":["https:\/\/michelsanti.fr\/"],"url":"https:\/\/michelsanti.fr\/en\/author\/msanti17"}]}},"jetpack_publicize_connections":[],"jetpack_featured_media_url":"https:\/\/i0.wp.com\/michelsanti.fr\/wp-content\/uploads\/2022\/08\/FZEBKxoXoAAibgz.png?fit=637%2C505&ssl=1","jetpack_sharing_enabled":true,"jetpack_shortlink":"https:\/\/wp.me\/pagvtB-5Ui","jetpack_likes_enabled":true,"jetpack-related-posts":[{"id":21970,"url":"https:\/\/michelsanti.fr\/inflation\/linflation-est-toujours-et-partout","url_meta":{"origin":22710,"position":0},"title":"L\u2019inflation est toujours et partout&#8230;","author":"Michel Santi","date":"February 21, 2022","format":false,"excerpt":"\u00a0 Le fant\u00f4me de Milton Friedman et sa c\u00e9l\u00e9brissime r\u00e9partie des ann\u00e9es 1960 selon laquelle l\u2019inflation est \u00abtoujours et partout un ph\u00e9nom\u00e8ne mon\u00e9taire\u00bb nous hantent toujours. Il est vrai que cette assertion peut sembler plausible. Apr\u00e8s tout, la traduction imm\u00e9diate de l\u2019inflation consiste en une hausse des prix, lesquels sont\u2026","rel":"","context":"In &quot;inflation&quot;","block_context":{"text":"inflation","link":"https:\/\/michelsanti.fr\/category\/inflation"},"img":{"alt_text":"","src":"https:\/\/i0.wp.com\/michelsanti.fr\/wp-content\/uploads\/2022\/02\/citation-warren-buffett.png?fit=398%2C261&ssl=1&resize=350%2C200","width":350,"height":200},"classes":[]},{"id":19679,"url":"https:\/\/michelsanti.fr\/inflation\/inflation-des-prix-deflation-des-politiques","url_meta":{"origin":22710,"position":1},"title":"Inflation des prix, d\u00e9flation des politiques","author":"Michel Santi","date":"October 7, 2019","format":false,"excerpt":"Vous croyez comprendre l\u2019inflation? Permettez-moi de vous contredire car elle n\u2019est aucunement la r\u00e9sultante d\u2019une expansion irraisonn\u00e9e de la masse mon\u00e9taire qui se traduirait m\u00e9caniquement en une hausse des prix. Ce terme d\u2019 \"inflation\" galvaud\u00e9, employ\u00e9 sans scrupule par les d\u00e9tracteurs des banques centrales, par les proph\u00e8tes de malheur dont\u2026","rel":"","context":"In &quot;inflation&quot;","block_context":{"text":"inflation","link":"https:\/\/michelsanti.fr\/category\/inflation"},"img":{"alt_text":"","src":"https:\/\/i0.wp.com\/michelsanti.fr\/wp-content\/uploads\/2019\/10\/inflation.jpg?fit=1200%2C852&ssl=1&resize=350%2C200","width":350,"height":200,"srcset":"https:\/\/i0.wp.com\/michelsanti.fr\/wp-content\/uploads\/2019\/10\/inflation.jpg?fit=1200%2C852&ssl=1&resize=350%2C200 1x, https:\/\/i0.wp.com\/michelsanti.fr\/wp-content\/uploads\/2019\/10\/inflation.jpg?fit=1200%2C852&ssl=1&resize=525%2C300 1.5x, https:\/\/i0.wp.com\/michelsanti.fr\/wp-content\/uploads\/2019\/10\/inflation.jpg?fit=1200%2C852&ssl=1&resize=700%2C400 2x, https:\/\/i0.wp.com\/michelsanti.fr\/wp-content\/uploads\/2019\/10\/inflation.jpg?fit=1200%2C852&ssl=1&resize=1050%2C600 3x"},"classes":[]},{"id":14773,"url":"https:\/\/michelsanti.fr\/uncategorized\/old-article-658","url_meta":{"origin":22710,"position":2},"title":"Aux sources de l&#8217;inflation","author":"Michel Santi","date":"September 26, 2009","format":false,"excerpt":"L'impact de la hausse sans pr\u00e9c\u00e9dent des prix du p\u00e9trole sur la croissance \u00e9conomique mondiale ces derni\u00e8res ann\u00e9es a souvent \u00e9t\u00e9 sous estim\u00e9, une progression suppl\u00e9mentaire de ces tarifs aujourd'hui serait \u00e0 l'\u00e9vidence g\u00e9n\u00e9ratrice d'inflation. Le terreau n'est certes pas favorable \u00e0 l'inflation actuellement tant il est vrai que commer\u00e7ants,\u2026","rel":"","context":"Similar post","block_context":{"text":"Similar post","link":""},"img":{"alt_text":"","src":"","width":0,"height":0},"classes":[]},{"id":15334,"url":"https:\/\/michelsanti.fr\/analyses\/bce-le-grand-marchandage","url_meta":{"origin":22710,"position":3},"title":"BCE: le grand marchandage","author":"Michel Santi","date":"March 4, 2011","format":false,"excerpt":"Pour mesurer le taux d'inflation et\u00a0d\u00e9terminer leur politique mon\u00e9taire, la R\u00e9serve F\u00e9d\u00e9rale US et la BCE ne scrutent pas exactement les m\u00eames statistiques. En effet, alors que la premi\u00e8re pr\u00e9f\u00e8re analyser le taux d'inflation excluant l\u2019\u00e9nergie et les denr\u00e9es alimentaires - par d\u00e9finition volatiles -, la banque europ\u00e9enne\u00a0prend le chiffre\u2026","rel":"","context":"In &quot;Analyses&quot;","block_context":{"text":"Analyses","link":"https:\/\/michelsanti.fr\/category\/analyses"},"img":{"alt_text":"","src":"","width":0,"height":0},"classes":[]},{"id":22833,"url":"https:\/\/michelsanti.fr\/inflation\/augmentez-les-salaires","url_meta":{"origin":22710,"position":4},"title":"Augmentez les salaires!","author":"Michel Santi","date":"August 28, 2022","format":false,"excerpt":"Notre pouvoir d'achat moyen en Europe a baiss\u00e9 de 6.5%. Car les employeurs rechignent \u00e0 s'ajuster sur l'inflation alors m\u00eame que l'Etat ne peut rien pour vous.","rel":"","context":"In &quot;inflation&quot;","block_context":{"text":"inflation","link":"https:\/\/michelsanti.fr\/category\/inflation"},"img":{"alt_text":"","src":"https:\/\/i0.wp.com\/michelsanti.fr\/wp-content\/uploads\/2022\/08\/FbF379tUYAAdrko.png?fit=850%2C600&ssl=1&resize=350%2C200","width":350,"height":200,"srcset":"https:\/\/i0.wp.com\/michelsanti.fr\/wp-content\/uploads\/2022\/08\/FbF379tUYAAdrko.png?fit=850%2C600&ssl=1&resize=350%2C200 1x, https:\/\/i0.wp.com\/michelsanti.fr\/wp-content\/uploads\/2022\/08\/FbF379tUYAAdrko.png?fit=850%2C600&ssl=1&resize=525%2C300 1.5x, https:\/\/i0.wp.com\/michelsanti.fr\/wp-content\/uploads\/2022\/08\/FbF379tUYAAdrko.png?fit=850%2C600&ssl=1&resize=700%2C400 2x"},"classes":[]},{"id":27062,"url":"https:\/\/michelsanti.fr\/trump\/le-chomage-affaiblit-un-gouvernement-linflation-le-tue","url_meta":{"origin":22710,"position":5},"title":"Le ch\u00f4mage affaiblit un gouvernement, l&#8217;inflation le tue","author":"Michel Santi","date":"November 8, 2024","format":false,"excerpt":"\u00a0 Combien de graphiques n\u2019avions pas montr\u00e9 \u2013 nous \u00e9conomistes et analystes, dont moi-m\u00eame \u2013 d\u00e9montrant que la sant\u00e9 de l\u2019\u00e9conomie am\u00e9ricaine pulv\u00e9risait celle de l\u2019Europe ? Et combien d\u2019indices officiels de l\u2019inflation n\u2019avons-nous pas copi\u00e9 et coll\u00e9 attestant, trimestre apr\u00e8s trimestre, que les pressions sur les prix s\u2019att\u00e9nuaient lentement\u2026","rel":"","context":"In &quot;Trump&quot;","block_context":{"text":"Trump","link":"https:\/\/michelsanti.fr\/category\/trump"},"img":{"alt_text":"","src":"https:\/\/i0.wp.com\/michelsanti.fr\/wp-content\/uploads\/2024\/10\/La-Grande-Vague-de-Kanagawa-Hokusai.jpg?fit=1200%2C910&ssl=1&resize=350%2C200","width":350,"height":200,"srcset":"https:\/\/i0.wp.com\/michelsanti.fr\/wp-content\/uploads\/2024\/10\/La-Grande-Vague-de-Kanagawa-Hokusai.jpg?fit=1200%2C910&ssl=1&resize=350%2C200 1x, https:\/\/i0.wp.com\/michelsanti.fr\/wp-content\/uploads\/2024\/10\/La-Grande-Vague-de-Kanagawa-Hokusai.jpg?fit=1200%2C910&ssl=1&resize=525%2C300 1.5x, https:\/\/i0.wp.com\/michelsanti.fr\/wp-content\/uploads\/2024\/10\/La-Grande-Vague-de-Kanagawa-Hokusai.jpg?fit=1200%2C910&ssl=1&resize=700%2C400 2x, https:\/\/i0.wp.com\/michelsanti.fr\/wp-content\/uploads\/2024\/10\/La-Grande-Vague-de-Kanagawa-Hokusai.jpg?fit=1200%2C910&ssl=1&resize=1050%2C600 3x"},"classes":[]}],"amp_enabled":true,"_links":{"self":[{"href":"https:\/\/michelsanti.fr\/en\/wp-json\/wp\/v2\/posts\/22710","targetHints":{"allow":["GET"]}}],"collection":[{"href":"https:\/\/michelsanti.fr\/en\/wp-json\/wp\/v2\/posts"}],"about":[{"href":"https:\/\/michelsanti.fr\/en\/wp-json\/wp\/v2\/types\/post"}],"author":[{"embeddable":true,"href":"https:\/\/michelsanti.fr\/en\/wp-json\/wp\/v2\/users\/4"}],"replies":[{"embeddable":true,"href":"https:\/\/michelsanti.fr\/en\/wp-json\/wp\/v2\/comments?post=22710"}],"version-history":[{"count":2,"href":"https:\/\/michelsanti.fr\/en\/wp-json\/wp\/v2\/posts\/22710\/revisions"}],"predecessor-version":[{"id":22714,"href":"https:\/\/michelsanti.fr\/en\/wp-json\/wp\/v2\/posts\/22710\/revisions\/22714"}],"wp:featuredmedia":[{"embeddable":true,"href":"https:\/\/michelsanti.fr\/en\/wp-json\/wp\/v2\/media\/22712"}],"wp:attachment":[{"href":"https:\/\/michelsanti.fr\/en\/wp-json\/wp\/v2\/media?parent=22710"}],"wp:term":[{"taxonomy":"category","embeddable":true,"href":"https:\/\/michelsanti.fr\/en\/wp-json\/wp\/v2\/categories?post=22710"},{"taxonomy":"post_tag","embeddable":true,"href":"https:\/\/michelsanti.fr\/en\/wp-json\/wp\/v2\/tags?post=22710"}],"curies":[{"name":"wp","href":"https:\/\/api.w.org\/{rel}","templated":true}]}}